{"id":5527,"date":"2021-05-06T22:20:11","date_gmt":"2021-05-06T20:20:11","guid":{"rendered":"https:\/\/www.coachingverband.it\/simposio-di-coaching-2021-affrontare-il-cambiamento\/"},"modified":"2021-05-06T22:20:11","modified_gmt":"2021-05-06T20:20:11","slug":"simposio-di-coaching-2021-affrontare-il-cambiamento","status":"publish","type":"post","link":"https:\/\/www.coachingverband.it\/it\/simposio-di-coaching-2021-affrontare-il-cambiamento\/","title":{"rendered":"Simposio di coaching 2021 &#8211; &#8220;Affrontare il cambiamento&#8221;."},"content":{"rendered":"<div id=\"PageLeft\" class=\"fl\">\n<div>\n<p><img loading=\"lazy\" decoding=\"async\" class=\"size-full wp-image-2632\" src=\"https:\/\/www.coachingverband.it\/wp-content\/uploads\/2021\/05\/Markus_Broennimann_Titel.jpg\" alt=\"\" width=\"940\" height=\"425\"><\/p>\n<h3><strong>Webinar sulla LEADERSHIP CORRETTA PER OGNI FASE DELLA VITAWebinar \u00fcber RICHTIGE F\u00dcHRUNG F\u00dcR JEDE LEBENSPHASE<\/strong><\/h3>\n<p>per imprenditori, manager e personale delle risorse umane<\/p>\n<\/div>\n<\/div>\n<div id=\"PageRight\" class=\"fl\">\n<div>\n<p>il <strong>13 maggio 2021<\/strong><br \/>\ndalle 17.30 alle 19.30<\/p>\n<p>via Zoom (link dopo la registrazione)<\/p>\n<p>Iscrizione entro l&#8217;11 maggio 2021 a <a href=\"mailto:info@coachingverband.it\">info@coachingverband.it<\/a><\/p>\n<p>&nbsp;<\/p>\n<p>* * *<\/p>\n<p><strong>DI COSA SI TRATTA?<\/strong><\/p>\n<p>Il &#8220;modello delle fasi di vita&#8221; secondo Peter Drucker fornisce linee guida nelle quattro decadi lavorative centrali delle persone, al fine di promuoverle in base alla loro &#8220;et\u00e0 lavorativa&#8221; e di concentrarsi sui loro punti di forza in modo mirato e sostenibile. Cosa significa questo per l&#8217;era post-Covid19? Che cosa \u00e8 particolarmente importante per i manager considerare per le persone nelle rispettive fasi della vita? Cosa ci dicono le singole fasi della vita su come affrontare il cambiamento?<\/p>\n<p>&nbsp;<\/p>\n<p>* * *<\/p>\n<p><strong>CHI PARLER\u00c0<\/strong><\/p>\n<p><strong><img loading=\"lazy\" decoding=\"async\" class=\"wp-image-2634 alignleft\" src=\"https:\/\/www.coachingverband.it\/wp-content\/uploads\/2021\/05\/markus-br%C3%B6nnimann_2-300x300.jpg\" alt=\"\" width=\"189\" height=\"189\"><\/strong><\/p>\n<p>Markus Br\u00f6nnimann, lic. Oec. HSG,<br \/>\n\u00e8 direttore amministrativo del<br \/>\nUniversit\u00e0 di Berna, prima \u00e8 stato direttore<br \/>\ndell&#8217;Ufficio Immobiliare del Cantone di Zurigo,<br \/>\nEx direttore amministrativo dell&#8217;Universit\u00e0 di S. Gallen<br \/>\nnonch\u00e9 consulenti e formatori presso il Management<br \/>\nCentre S. Gallen; ha collaborato a numerosi<br \/>\npubblicato su temi di gestione e leadership.<\/p>\n<\/div>\n<\/div>\n<p>&nbsp;<\/p>\n<div id=\"PageRight\" class=\"fl\">\n<p>* * *<\/p>\n<p><strong><a href=\"https:\/\/www.coachingverband.it\/wp-content\/uploads\/2021\/05\/Einladung-Coachingverband-Online-Webinar-13.4.21.pdf\" target=\"_blank\" rel=\"noopener noreferrer\">Invito Associazione Coaching &#8211; Webinar online 13\/04\/21(PDF)<\/a><\/strong><\/p>\n<\/div>\n","protected":false},"excerpt":{"rendered":"<p>Webinar sulla LEADERSHIP CORRETTA PER OGNI FASE DELLA VITAWebinar \u00fcber RICHTIGE F\u00dcHRUNG F\u00dcR JEDE LEBENSPHASE per imprenditori, manager e personale delle risorse umane il 13 maggio 2021 dalle 17.30 alle 19.30 via Zoom (link dopo la registrazione) Iscrizione entro l&#8217;11 maggio 2021 a info@coachingverband.it &nbsp; * * * DI COSA SI TRATTA? Il &#8220;modello delle [&hellip;]<\/p>\n","protected":false},"author":1,"featured_media":4580,"comment_status":"closed","ping_status":"open","sticky":false,"template":"","format":"standard","meta":{"footnotes":""},"categories":[36],"tags":[],"class_list":{"0":"post-5527","1":"post","2":"type-post","3":"status-publish","4":"format-standard","5":"has-post-thumbnail","7":"category-non-categorizzato"},"_links":{"self":[{"href":"https:\/\/www.coachingverband.it\/it\/wp-json\/wp\/v2\/posts\/5527","targetHints":{"allow":["GET"]}}],"collection":[{"href":"https:\/\/www.coachingverband.it\/it\/wp-json\/wp\/v2\/posts"}],"about":[{"href":"https:\/\/www.coachingverband.it\/it\/wp-json\/wp\/v2\/types\/post"}],"author":[{"embeddable":true,"href":"https:\/\/www.coachingverband.it\/it\/wp-json\/wp\/v2\/users\/1"}],"replies":[{"embeddable":true,"href":"https:\/\/www.coachingverband.it\/it\/wp-json\/wp\/v2\/comments?post=5527"}],"version-history":[{"count":0,"href":"https:\/\/www.coachingverband.it\/it\/wp-json\/wp\/v2\/posts\/5527\/revisions"}],"wp:featuredmedia":[{"embeddable":true,"href":"https:\/\/www.coachingverband.it\/it\/wp-json\/wp\/v2\/media\/4580"}],"wp:attachment":[{"href":"https:\/\/www.coachingverband.it\/it\/wp-json\/wp\/v2\/media?parent=5527"}],"wp:term":[{"taxonomy":"category","embeddable":true,"href":"https:\/\/www.coachingverband.it\/it\/wp-json\/wp\/v2\/categories?post=5527"},{"taxonomy":"post_tag","embeddable":true,"href":"https:\/\/www.coachingverband.it\/it\/wp-json\/wp\/v2\/tags?post=5527"}],"curies":[{"name":"wp","href":"https:\/\/api.w.org\/{rel}","templated":true}]}}