{"id":5526,"date":"2022-04-08T14:46:24","date_gmt":"2022-04-08T12:46:24","guid":{"rendered":"https:\/\/www.coachingverband.it\/lassociazione-dei-coach-ha-un-nuovo-consiglio-direttivo-2\/"},"modified":"2022-04-08T14:46:24","modified_gmt":"2022-04-08T12:46:24","slug":"lassociazione-dei-coach-ha-un-nuovo-consiglio-direttivo-2","status":"publish","type":"post","link":"https:\/\/www.coachingverband.it\/it\/lassociazione-dei-coach-ha-un-nuovo-consiglio-direttivo-2\/","title":{"rendered":"L&#8217;associazione dei coach ha un nuovo consiglio direttivo"},"content":{"rendered":"<figure id=\"attachment_4590\" aria-describedby=\"caption-attachment-4590\" style=\"width: 962px\" class=\"wp-caption alignnone\"><img loading=\"lazy\" decoding=\"async\" class=\" wp-image-2686\" src=\"https:\/\/www.coachingverband.it\/wp-content\/uploads\/2022\/04\/Coachingverband_Vorstand_2022-1-300x169.jpg\" alt=\"Consiglio dell'Associazione dei Coach Alto Adige\" width=\"962\" height=\"542\" srcset=\"https:\/\/www.coachingverband.it\/wp-content\/uploads\/2022\/04\/Coachingverband_Vorstand_2022-1-300x169.jpg 300w, https:\/\/www.coachingverband.it\/wp-content\/uploads\/2022\/04\/Coachingverband_Vorstand_2022-1-768x432.jpg 768w, https:\/\/www.coachingverband.it\/wp-content\/uploads\/2022\/04\/Coachingverband_Vorstand_2022-1-1024x576.jpg 1024w\" sizes=\"auto, (max-width: 962px) 100vw, 962px\" \/><figcaption id=\"caption-attachment-4590\" class=\"wp-caption-text\">Sonja Kuppelwieser, Christine Vigl, Reinhard Feichter (Presidente), Karin Holler, Heinold Pider<\/figcaption><\/figure>\n<p><strong>Il 31 marzo 2022 si \u00e8 svolta l&#8217;Assemblea generale dell&#8217;Associazione business e management coach dell&#8217;Alto Adige. Pi\u00f9 di 20 soci si sono riuniti nelle sale conferenze di Bergmilch Bolzano per ripercorrere le attivit\u00e0 dell&#8217;anno passato, guardare ai prossimi progetti e obiettivi e, soprattutto, eleggere il nuovo consiglio direttivo.<\/strong><\/p>\n<p>&nbsp;<\/p>\n<p>Dopo che Verena Mengin e Arnold Malfertheiner si sono candidati per la rielezione nel Consiglio di amministrazione dopo due e tre mandati rispettivamente, \u00e8 stato necessario nominare nuovi membri del Consiglio. Christine Vigl, Heinold Pider e Reinhard Feichter si sono candidati e sono stati rieletti. Karin Holler e Sonja Kuppelwieser sono nuovi membri del Consiglio direttivo. L&#8217;Assemblea generale ha ringraziato i membri del Consiglio direttivo uscenti e quelli rimasti per il loro grande impegno volontario a favore dell&#8217;associazione professionale e ha dato un caloroso benvenuto ai due nuovi membri del Consiglio direttivo. Un ringraziamento particolare \u00e8 stato rivolto al precedente e rieletto presidente Reinhard Feichter, di cui \u00e8 stato sottolineato l&#8217;enorme impegno personale e la guida affidabile e strutturata dell&#8217;associazione negli ultimi anni.<\/p>\n<p>Il programma di attivit\u00e0 per i prossimi tre anni prevede una serie di misure per rafforzare l&#8217;associazione e ottimizzare la qualit\u00e0. Oltre ai programmi di formazione continua per gli allenatori dell&#8217;associazione, sar\u00e0 intensificata la rete di contatti con l&#8217;economia altoatesina. Il lavoro di pubbliche relazioni deve essere intensificato, cos\u00ec come la sensibilizzazione al coaching come approccio risolutivo per una serie di problemi nel mondo degli affari altoatesino. I manager, i dirigenti e il personale senior dovrebbero essere istruiti sul fatto che il coaching pu\u00f2 essere utilizzato come un intervento promettente nelle questioni decisionali e nelle aree di rafforzamento personale, di resilienza e nei momenti di crisi.<\/p>\n<p>Al termine della riunione plenaria, sono stati salutati alcuni membri di lunga data che vanno in pensione. Allo stesso tempo, sono stati accolti diversi nuovi membri attivi che si sono uniti all&#8217;associazione nel 2021.<\/p>\n<p>L&#8217;associazione professionale dei coach aziendali e manageriali guarda a un futuro promettente ed entra in un nuovo anno lavorativo pieno di impegni.<\/p>\n","protected":false},"excerpt":{"rendered":"<p>Il 31 marzo 2022 si \u00e8 svolta l&#8217;Assemblea generale dell&#8217;Associazione business e management coach dell&#8217;Alto Adige. Pi\u00f9 di 20 soci si sono riuniti nelle sale conferenze di Bergmilch Bolzano per ripercorrere le attivit\u00e0 dell&#8217;anno passato, guardare ai prossimi progetti e obiettivi e, soprattutto, eleggere il nuovo consiglio direttivo. &nbsp; Dopo che Verena Mengin e Arnold [&hellip;]<\/p>\n","protected":false},"author":1,"featured_media":4590,"comment_status":"closed","ping_status":"open","sticky":false,"template":"","format":"standard","meta":{"footnotes":""},"categories":[36],"tags":[],"class_list":{"0":"post-5526","1":"post","2":"type-post","3":"status-publish","4":"format-standard","5":"has-post-thumbnail","7":"category-non-categorizzato"},"_links":{"self":[{"href":"https:\/\/www.coachingverband.it\/it\/wp-json\/wp\/v2\/posts\/5526","targetHints":{"allow":["GET"]}}],"collection":[{"href":"https:\/\/www.coachingverband.it\/it\/wp-json\/wp\/v2\/posts"}],"about":[{"href":"https:\/\/www.coachingverband.it\/it\/wp-json\/wp\/v2\/types\/post"}],"author":[{"embeddable":true,"href":"https:\/\/www.coachingverband.it\/it\/wp-json\/wp\/v2\/users\/1"}],"replies":[{"embeddable":true,"href":"https:\/\/www.coachingverband.it\/it\/wp-json\/wp\/v2\/comments?post=5526"}],"version-history":[{"count":0,"href":"https:\/\/www.coachingverband.it\/it\/wp-json\/wp\/v2\/posts\/5526\/revisions"}],"wp:featuredmedia":[{"embeddable":true,"href":"https:\/\/www.coachingverband.it\/it\/wp-json\/wp\/v2\/media\/4590"}],"wp:attachment":[{"href":"https:\/\/www.coachingverband.it\/it\/wp-json\/wp\/v2\/media?parent=5526"}],"wp:term":[{"taxonomy":"category","embeddable":true,"href":"https:\/\/www.coachingverband.it\/it\/wp-json\/wp\/v2\/categories?post=5526"},{"taxonomy":"post_tag","embeddable":true,"href":"https:\/\/www.coachingverband.it\/it\/wp-json\/wp\/v2\/tags?post=5526"}],"curies":[{"name":"wp","href":"https:\/\/api.w.org\/{rel}","templated":true}]}}