{"id":4921,"date":"2018-08-27T11:24:26","date_gmt":"2018-08-27T09:24:26","guid":{"rendered":"https:\/\/www.coachingverband.it\/3-simposio-sul-coaching-l11-ottobre-2018\/"},"modified":"2018-08-27T11:24:26","modified_gmt":"2018-08-27T09:24:26","slug":"3-simposio-sul-coaching-l11-ottobre-2018","status":"publish","type":"post","link":"https:\/\/www.coachingverband.it\/it\/3-simposio-sul-coaching-l11-ottobre-2018\/","title":{"rendered":"3\u00b0 simposio sul coaching l&#8217;11 ottobre 2018"},"content":{"rendered":"<p>L&#8217;Associazione Professionale dei Coach d&#8217;Azienda e di Management organizza il suo 3\u00b0 Simposio di Coaching in Alto Adige.<\/p>\n<p>&#8220;Pi\u00f9 veloce, pi\u00f9 alto, pi\u00f9 lontano?&#8221;: questo \u00e8 il titolo del Symposium di quest&#8217;anno. Come nelle due precedenti edizioni del 2016 e del 2017, esperti coach altoatesini forniranno approfondimenti sui metodi e sulle possibilit\u00e0 del coaching professionale, mostrando cos\u00ec come imprenditori, manager e responsabili delle risorse umane delle principali imprese commerciali dell&#8217;Alto Adige possano garantire in modo sostenibile e incrementare ulteriormente l&#8217;innovazione e il successo aziendale.<\/p>\n<p>Quattro discorsi chiave forniscono materiale per una vivace discussione:<\/p>\n<p>L&#8217;interazione uomo-macchina: una sfida per generazioni<br \/>\n(Presentazione italiana a cura dell&#8217;Istituto Fraunhofer Italia)<\/p>\n<p>La complessit\u00e0 provoca &#8230; &#8211; qual \u00e8 l&#8217;approccio giusto?<br \/>\nbetriebliche Innovation &#8211; Klarheit &#8211; Rollen &#8211; Haltung(en)<br \/>\nIl potenziale dei dipendenti: un fattore decisivo per il futuro e per l&#8217;occupazione.<br \/>\nFattore distintivo<\/p>\n<p>In occasione del finale culinario, gli imprenditori e i dirigenti provenienti da tutto l&#8217;Alto Adige avranno l&#8217;opportunit\u00e0 di discutere con i coach presenti su questioni individuali.<\/p>\n<p>Quando?<br \/>\nGioved\u00ec 11 ottobre 2018 Inizio ore 18:00<\/p>\n<p>Dove?<br \/>\nNOI Parco Tecnologico di Bolzano Sud<\/p>\n<p>Chi?<br \/>\nImprenditori, manager e responsabili delle risorse umane<\/p>\n<p>Come?<br \/>\nCon iscrizione (su info@coachingverband.it) partecipazione gratuita (numero limitato di partecipanti)<\/p>\n","protected":false},"excerpt":{"rendered":"<p>L&#8217;Associazione Professionale dei Coach d&#8217;Azienda e di Management organizza il suo 3\u00b0 Simposio di Coaching in Alto Adige. &#8220;Pi\u00f9 veloce, pi\u00f9 alto, pi\u00f9 lontano?&#8221;: questo \u00e8 il titolo del Symposium di quest&#8217;anno. Come nelle due precedenti edizioni del 2016 e del 2017, esperti coach altoatesini forniranno approfondimenti sui metodi e sulle possibilit\u00e0 del coaching professionale, [&hellip;]<\/p>\n","protected":false},"author":1,"featured_media":2923,"comment_status":"open","ping_status":"open","sticky":false,"template":"","format":"standard","meta":{"footnotes":""},"categories":[36],"tags":[],"class_list":{"0":"post-4921","1":"post","2":"type-post","3":"status-publish","4":"format-standard","5":"has-post-thumbnail","7":"category-non-categorizzato"},"_links":{"self":[{"href":"https:\/\/www.coachingverband.it\/it\/wp-json\/wp\/v2\/posts\/4921","targetHints":{"allow":["GET"]}}],"collection":[{"href":"https:\/\/www.coachingverband.it\/it\/wp-json\/wp\/v2\/posts"}],"about":[{"href":"https:\/\/www.coachingverband.it\/it\/wp-json\/wp\/v2\/types\/post"}],"author":[{"embeddable":true,"href":"https:\/\/www.coachingverband.it\/it\/wp-json\/wp\/v2\/users\/1"}],"replies":[{"embeddable":true,"href":"https:\/\/www.coachingverband.it\/it\/wp-json\/wp\/v2\/comments?post=4921"}],"version-history":[{"count":0,"href":"https:\/\/www.coachingverband.it\/it\/wp-json\/wp\/v2\/posts\/4921\/revisions"}],"wp:featuredmedia":[{"embeddable":true,"href":"https:\/\/www.coachingverband.it\/it\/wp-json\/wp\/v2\/media\/2923"}],"wp:attachment":[{"href":"https:\/\/www.coachingverband.it\/it\/wp-json\/wp\/v2\/media?parent=4921"}],"wp:term":[{"taxonomy":"category","embeddable":true,"href":"https:\/\/www.coachingverband.it\/it\/wp-json\/wp\/v2\/categories?post=4921"},{"taxonomy":"post_tag","embeddable":true,"href":"https:\/\/www.coachingverband.it\/it\/wp-json\/wp\/v2\/tags?post=4921"}],"curies":[{"name":"wp","href":"https:\/\/api.w.org\/{rel}","templated":true}]}}