{"id":4895,"date":"2007-11-09T22:41:30","date_gmt":"2007-11-09T21:41:30","guid":{"rendered":"https:\/\/www.coachingverband.it\/bvbmc-conferenza-stampa-sulla-fondazione-dellassociazione-professionale\/"},"modified":"2007-11-09T22:41:30","modified_gmt":"2007-11-09T21:41:30","slug":"bvbmc-conferenza-stampa-sulla-fondazione-dellassociazione-professionale","status":"publish","type":"post","link":"https:\/\/www.coachingverband.it\/it\/bvbmc-conferenza-stampa-sulla-fondazione-dellassociazione-professionale\/","title":{"rendered":"BVBMC: conferenza stampa sulla fondazione dell&#8217;associazione professionale"},"content":{"rendered":"<div class=\"H2news\">\n<p>Fondazione dell&#8217;Associazione professionale dei coach di business e management: nel 2007 14 coach hanno fondato l&#8217;Associazione professionale dei coach di business e management. Gli coach hanno un solido programma di formazione in conformit\u00e0 con gli standard europei. Hanno ottenuto la qualifica professionale &#8220;Business and Management&#8221; nell&#8217;ambito di un programma di formazione biennale. La formazione creata dalla Provincia dell&#8217;Alto Adige \u00e8 un segno importante della professionalizzazione delle attivit\u00e0 di coaching nel settore aziendale, in quanto \u00e8 la prima qualifica professionale internazionale ufficiale di questo tipo.<\/p>\n<\/div>\n<p>Lo scopo dell&#8217;Associazione \u00e8 quello di promuovere il business coaching.<\/p>\n<p>Per questo motivo, l&#8217;Associazione persegue i seguenti obiettivi:<\/p>\n<ul>\n<li>Istituzione del coaching e promozione del coaching aziendale e manageriale in tutti i settori<\/li>\n<li>Sviluppo e definizione di un codice di condotta professionale e di linee guida etiche per i coach aziendali e manageriali.<\/li>\n<li>Sviluppo e creazione di un profilo professionale riconosciuto per i coach aziendali e manageriali.<\/li>\n<li>Adattamento continuo, valutazione e garanzia di qualit\u00e0 degli strumenti e dei metodi pratici di coaching.<\/li>\n<li>Promozione della formazione e dell&#8217;aggiornamento professionale del coaching qualificato<\/li>\n<\/ul>\n<p>I membri dell&#8217;Association of Business and Management Coaches si sono impegnati a rispettare le linee guida etiche relative, tra l&#8217;altro, al comportamento professionale, alla responsabilit\u00e0 e alla riservatezza.<\/p>\n<p>I membri dell&#8217;associazione hanno una comprensione dei processi e delle strutture operative, esperienza con gli strumenti di gestione aziendale, conoscenza degli attuali concetti di leadership e dei metodi di gestione, oltre a conoscenze commerciali generali. Oltre che per la loro competenza professionale, i coach si distinguono soprattutto per le loro competenze personali, sociali e metodologiche.<\/p>\n","protected":false},"excerpt":{"rendered":"<p>Fondazione dell&#8217;Associazione professionale dei coach di business e management: nel 2007 14 coach hanno fondato l&#8217;Associazione professionale dei coach di business e management. Gli coach hanno un solido programma di formazione in conformit\u00e0 con gli standard europei. Hanno ottenuto la qualifica professionale &#8220;Business and Management&#8221; nell&#8217;ambito di un programma di formazione biennale. La formazione creata [&hellip;]<\/p>\n","protected":false},"author":5,"featured_media":2956,"comment_status":"closed","ping_status":"open","sticky":false,"template":"","format":"standard","meta":{"footnotes":""},"categories":[36],"tags":[],"class_list":{"0":"post-4895","1":"post","2":"type-post","3":"status-publish","4":"format-standard","5":"has-post-thumbnail","7":"category-non-categorizzato"},"_links":{"self":[{"href":"https:\/\/www.coachingverband.it\/it\/wp-json\/wp\/v2\/posts\/4895","targetHints":{"allow":["GET"]}}],"collection":[{"href":"https:\/\/www.coachingverband.it\/it\/wp-json\/wp\/v2\/posts"}],"about":[{"href":"https:\/\/www.coachingverband.it\/it\/wp-json\/wp\/v2\/types\/post"}],"author":[{"embeddable":true,"href":"https:\/\/www.coachingverband.it\/it\/wp-json\/wp\/v2\/users\/5"}],"replies":[{"embeddable":true,"href":"https:\/\/www.coachingverband.it\/it\/wp-json\/wp\/v2\/comments?post=4895"}],"version-history":[{"count":0,"href":"https:\/\/www.coachingverband.it\/it\/wp-json\/wp\/v2\/posts\/4895\/revisions"}],"wp:featuredmedia":[{"embeddable":true,"href":"https:\/\/www.coachingverband.it\/it\/wp-json\/wp\/v2\/media\/2956"}],"wp:attachment":[{"href":"https:\/\/www.coachingverband.it\/it\/wp-json\/wp\/v2\/media?parent=4895"}],"wp:term":[{"taxonomy":"category","embeddable":true,"href":"https:\/\/www.coachingverband.it\/it\/wp-json\/wp\/v2\/categories?post=4895"},{"taxonomy":"post_tag","embeddable":true,"href":"https:\/\/www.coachingverband.it\/it\/wp-json\/wp\/v2\/tags?post=4895"}],"curies":[{"name":"wp","href":"https:\/\/api.w.org\/{rel}","templated":true}]}}